{"id":1425,"date":"2024-04-05T20:11:09","date_gmt":"2024-04-05T20:11:09","guid":{"rendered":"https:\/\/czeslawurban.pl\/?p=1425"},"modified":"2024-04-05T20:12:19","modified_gmt":"2024-04-05T20:12:19","slug":"zakonczenie-kampanii-wyborczej","status":"publish","type":"post","link":"https:\/\/czeslawurban.pl\/index.php\/2024\/04\/05\/zakonczenie-kampanii-wyborczej\/","title":{"rendered":"ZAKO\u0143CZENIE KAMPANII WYBORCZEJ"},"content":{"rendered":"<p><img loading=\"lazy\" decoding=\"async\" class=\"size-medium wp-image-1426 alignleft\" src=\"https:\/\/czeslawurban.pl\/wp-content\/uploads\/cu-300x296.jpg\" alt=\"\" width=\"300\" height=\"296\" srcset=\"https:\/\/czeslawurban.pl\/wp-content\/uploads\/cu-300x296.jpg 300w, https:\/\/czeslawurban.pl\/wp-content\/uploads\/cu-1024x1010.jpg 1024w, https:\/\/czeslawurban.pl\/wp-content\/uploads\/cu-150x148.jpg 150w, https:\/\/czeslawurban.pl\/wp-content\/uploads\/cu-768x757.jpg 768w, https:\/\/czeslawurban.pl\/wp-content\/uploads\/cu-1536x1515.jpg 1536w, https:\/\/czeslawurban.pl\/wp-content\/uploads\/cu-355x350.jpg 355w, https:\/\/czeslawurban.pl\/wp-content\/uploads\/cu.jpg 1962w\" sizes=\"auto, (max-width: 300px) 100vw, 300px\" \/><\/p>\n<p style=\"text-align: justify;\">Zbli\u017ca si\u0119 cisza wyborcza, a wi\u0119c zako\u0144czenie kampanii wyborczej.<\/p>\n<p style=\"text-align: justify;\">Chc\u0119 w tym miejscu wyrazi\u0107 g\u0142\u0119bok\u0105 wdzi\u0119czno\u015b\u0107 wobec wszystkich os\u00f3b, kt\u00f3re po\u015bwi\u0119ci\u0142y sw\u00f3j czas i energi\u0119 na wsparcie kampanii. Dzi\u0119kuj\u0119 \u017conie, \u017ce mnie wspiera\u0142a i musia\u0142a dzieli\u0107 czas z moj\u0105 kampani\u0105. Swoj\u0105 wdzi\u0119czno\u015b\u0107 kieruj\u0119 wobec naszego kandydata na Burmistrza Ustrzyk Dolnych<strong>, Paw\u0142a Germa\u0144skiego <\/strong>oraz ca\u0142ego sztabu wyborczego, wszystkim Kandydatom do Rady Miejskiej, za Wasz\u0105 ci\u0119\u017ck\u0105 prac\u0119 i zaanga\u017cowanie.<\/p>\n<p style=\"text-align: justify;\">Dzi\u0119kuj\u0119 tak\u017ce przyjacio\u0142om i bliskich wsp\u00f3\u0142pracownikom, kt\u00f3rzy s\u0142u\u017cyli rad\u0105, wsparciem emocjonalnym i pomoc\u0105 w trudnych momentach kampanii.<\/p>\n<p style=\"text-align: justify;\">Podzi\u0119kowanie kieruj\u0119 do wszystkich wyborc\u00f3w za wys\u0142uchanie, wsparcie i zaufanie, jakim obdarzyli\u015bcie moj\u0105 kandydatur\u0119. Chc\u0119 z\u0142o\u017cy\u0107 obietnic\u0119, \u017ce w przypadku wygranej b\u0119d\u0119 reprezentowa\u0142 Wasze interesy.<\/p>\n<p style=\"text-align: justify;\">Kampania kt\u00f3ra przechodzi do historii, by\u0142a wsp\u00f3lnym wysi\u0142kiem sympatyk\u00f3w Bieszczadzkiego Przymierza, maj\u0105cym na celu osi\u0105gni\u0119cie okre\u015blonych cel\u00f3w dla dobra spo\u0142eczno\u015bci bieszczadzkiej.<\/p>\n<p style=\"text-align: center;\"><strong>7 kwietnia prosz\u0119 o Tw\u00f3j g\u0142os<\/strong><\/p>\n<p style=\"text-align: right;\"><strong>Z wyrazami szacunku <\/strong><\/p>\n<p style=\"text-align: right;\"><strong>Czes\u0142aw Urban<\/strong><\/p>\n<p><img loading=\"lazy\" decoding=\"async\" class=\"wp-image-1427 size-full aligncenter\" src=\"https:\/\/czeslawurban.pl\/wp-content\/uploads\/435929454_122131604072215504_228245651691068026_n.jpg\" alt=\"\" width=\"600\" height=\"503\" srcset=\"https:\/\/czeslawurban.pl\/wp-content\/uploads\/435929454_122131604072215504_228245651691068026_n.jpg 600w, https:\/\/czeslawurban.pl\/wp-content\/uploads\/435929454_122131604072215504_228245651691068026_n-300x252.jpg 300w, https:\/\/czeslawurban.pl\/wp-content\/uploads\/435929454_122131604072215504_228245651691068026_n-150x126.jpg 150w, https:\/\/czeslawurban.pl\/wp-content\/uploads\/435929454_122131604072215504_228245651691068026_n-417x350.jpg 417w\" sizes=\"auto, (max-width: 600px) 100vw, 600px\" \/><\/p>\n","protected":false},"excerpt":{"rendered":"<p>Zbli\u017ca si\u0119 cisza wyborcza, a wi\u0119c zako\u0144czenie kampanii wyborczej. Chc\u0119 w tym miejscu wyrazi\u0107 g\u0142\u0119bok\u0105 wdzi\u0119czno\u015b\u0107 wobec wszystkich os\u00f3b, kt\u00f3re po\u015bwi\u0119ci\u0142y sw\u00f3j czas i energi\u0119 na wsparcie kampanii. Dzi\u0119kuj\u0119 \u017conie, \u017ce mnie wspiera\u0142a i musia\u0142a dzieli\u0107 czas z moj\u0105 kampani\u0105. Swoj\u0105 wdzi\u0119czno\u015b\u0107 kieruj\u0119 wobec naszego kandydata na Burmistrza Ustrzyk Dolnych, Paw\u0142a Germa\u0144skiego oraz ca\u0142ego sztabu&#8230;<\/p>\n","protected":false},"author":2,"featured_media":1429,"comment_status":"closed","ping_status":"closed","sticky":false,"template":"","format":"standard","meta":{"ngg_post_thumbnail":0,"_jetpack_memberships_contains_paid_content":false,"footnotes":""},"categories":[6],"tags":[],"class_list":["post-1425","post","type-post","status-publish","format-standard","has-post-thumbnail","hentry","category-aktualnosci"],"jetpack_featured_media_url":"https:\/\/czeslawurban.pl\/wp-content\/uploads\/fb_cover_BP-02-1.png","jetpack_sharing_enabled":true,"_links":{"self":[{"href":"https:\/\/czeslawurban.pl\/index.php\/wp-json\/wp\/v2\/posts\/1425","targetHints":{"allow":["GET"]}}],"collection":[{"href":"https:\/\/czeslawurban.pl\/index.php\/wp-json\/wp\/v2\/posts"}],"about":[{"href":"https:\/\/czeslawurban.pl\/index.php\/wp-json\/wp\/v2\/types\/post"}],"author":[{"embeddable":true,"href":"https:\/\/czeslawurban.pl\/index.php\/wp-json\/wp\/v2\/users\/2"}],"replies":[{"embeddable":true,"href":"https:\/\/czeslawurban.pl\/index.php\/wp-json\/wp\/v2\/comments?post=1425"}],"version-history":[{"count":1,"href":"https:\/\/czeslawurban.pl\/index.php\/wp-json\/wp\/v2\/posts\/1425\/revisions"}],"predecessor-version":[{"id":1428,"href":"https:\/\/czeslawurban.pl\/index.php\/wp-json\/wp\/v2\/posts\/1425\/revisions\/1428"}],"wp:featuredmedia":[{"embeddable":true,"href":"https:\/\/czeslawurban.pl\/index.php\/wp-json\/wp\/v2\/media\/1429"}],"wp:attachment":[{"href":"https:\/\/czeslawurban.pl\/index.php\/wp-json\/wp\/v2\/media?parent=1425"}],"wp:term":[{"taxonomy":"category","embeddable":true,"href":"https:\/\/czeslawurban.pl\/index.php\/wp-json\/wp\/v2\/categories?post=1425"},{"taxonomy":"post_tag","embeddable":true,"href":"https:\/\/czeslawurban.pl\/index.php\/wp-json\/wp\/v2\/tags?post=1425"}],"curies":[{"name":"wp","href":"https:\/\/api.w.org\/{rel}","templated":true}]}}