{"id":21812,"date":"2026-04-26T15:36:21","date_gmt":"2026-04-26T15:36:21","guid":{"rendered":"https:\/\/czeslawurban.pl\/?p=21812"},"modified":"2026-04-26T15:36:21","modified_gmt":"2026-04-26T15:36:21","slug":"dzien-flagi-rzeczypospolitej-polskiej","status":"publish","type":"post","link":"https:\/\/czeslawurban.pl\/index.php\/2026\/04\/26\/dzien-flagi-rzeczypospolitej-polskiej\/","title":{"rendered":"DZIE\u0143 FLAGI RZECZYPOSPOLITEJ POLSKIEJ"},"content":{"rendered":"<p style=\"text-align: justify;\">Zbli\u017ca si\u0119 2 maja \u2013 Dzie\u0144 Flagi Rzeczypospolitej Polskiej. To \u015bwietna okazja, by aktywnie i w dobrym towarzystwie uczci\u0107 nasze barwy narodowe. Do\u0142\u0105cz do wsp\u00f3lnego marszu na Holic\u0119, ciesz si\u0119 pi\u0119knymi widokami i wyj\u0105tkow\u0105 atmosfer\u0105. Na szczycie czeka chwila odpoczynku przy ognisku \u2013 zabierz bliskich i \u015bwi\u0119tujmy razem!<\/p>\n<p><img loading=\"lazy\" decoding=\"async\" class=\"size-large wp-image-21813 aligncenter\" src=\"https:\/\/czeslawurban.pl\/wp-content\/uploads\/WhatsApp-Image-2026-04-25-at-18.33.02-819x1024.jpeg\" alt=\"\" width=\"640\" height=\"800\" srcset=\"https:\/\/czeslawurban.pl\/wp-content\/uploads\/WhatsApp-Image-2026-04-25-at-18.33.02-819x1024.jpeg 819w, https:\/\/czeslawurban.pl\/wp-content\/uploads\/WhatsApp-Image-2026-04-25-at-18.33.02-240x300.jpeg 240w, https:\/\/czeslawurban.pl\/wp-content\/uploads\/WhatsApp-Image-2026-04-25-at-18.33.02-120x150.jpeg 120w, https:\/\/czeslawurban.pl\/wp-content\/uploads\/WhatsApp-Image-2026-04-25-at-18.33.02-768x960.jpeg 768w, https:\/\/czeslawurban.pl\/wp-content\/uploads\/WhatsApp-Image-2026-04-25-at-18.33.02-300x375.jpeg 300w, https:\/\/czeslawurban.pl\/wp-content\/uploads\/WhatsApp-Image-2026-04-25-at-18.33.02-850x1062.jpeg 850w, https:\/\/czeslawurban.pl\/wp-content\/uploads\/WhatsApp-Image-2026-04-25-at-18.33.02.jpeg 1122w\" sizes=\"auto, (max-width: 640px) 100vw, 640px\" \/><\/p>\n","protected":false},"excerpt":{"rendered":"<p>Zbli\u017ca si\u0119 2 maja \u2013 Dzie\u0144 Flagi Rzeczypospolitej Polskiej. To \u015bwietna okazja, by aktywnie i w dobrym towarzystwie uczci\u0107 nasze barwy narodowe. Do\u0142\u0105cz do wsp\u00f3lnego marszu na Holic\u0119, ciesz si\u0119 pi\u0119knymi widokami i wyj\u0105tkow\u0105 atmosfer\u0105. Na szczycie czeka chwila odpoczynku przy ognisku \u2013 zabierz bliskich i \u015bwi\u0119tujmy razem!<\/p>\n","protected":false},"author":2,"featured_media":21814,"comment_status":"closed","ping_status":"closed","sticky":false,"template":"","format":"standard","meta":{"ngg_post_thumbnail":0,"_jetpack_memberships_contains_paid_content":false,"footnotes":""},"categories":[6],"tags":[],"class_list":["post-21812","post","type-post","status-publish","format-standard","has-post-thumbnail","hentry","category-aktualnosci"],"jetpack_featured_media_url":"https:\/\/czeslawurban.pl\/wp-content\/uploads\/dzien-flagi-narodowej-2026.png","jetpack_sharing_enabled":true,"_links":{"self":[{"href":"https:\/\/czeslawurban.pl\/index.php\/wp-json\/wp\/v2\/posts\/21812","targetHints":{"allow":["GET"]}}],"collection":[{"href":"https:\/\/czeslawurban.pl\/index.php\/wp-json\/wp\/v2\/posts"}],"about":[{"href":"https:\/\/czeslawurban.pl\/index.php\/wp-json\/wp\/v2\/types\/post"}],"author":[{"embeddable":true,"href":"https:\/\/czeslawurban.pl\/index.php\/wp-json\/wp\/v2\/users\/2"}],"replies":[{"embeddable":true,"href":"https:\/\/czeslawurban.pl\/index.php\/wp-json\/wp\/v2\/comments?post=21812"}],"version-history":[{"count":1,"href":"https:\/\/czeslawurban.pl\/index.php\/wp-json\/wp\/v2\/posts\/21812\/revisions"}],"predecessor-version":[{"id":21816,"href":"https:\/\/czeslawurban.pl\/index.php\/wp-json\/wp\/v2\/posts\/21812\/revisions\/21816"}],"wp:featuredmedia":[{"embeddable":true,"href":"https:\/\/czeslawurban.pl\/index.php\/wp-json\/wp\/v2\/media\/21814"}],"wp:attachment":[{"href":"https:\/\/czeslawurban.pl\/index.php\/wp-json\/wp\/v2\/media?parent=21812"}],"wp:term":[{"taxonomy":"category","embeddable":true,"href":"https:\/\/czeslawurban.pl\/index.php\/wp-json\/wp\/v2\/categories?post=21812"},{"taxonomy":"post_tag","embeddable":true,"href":"https:\/\/czeslawurban.pl\/index.php\/wp-json\/wp\/v2\/tags?post=21812"}],"curies":[{"name":"wp","href":"https:\/\/api.w.org\/{rel}","templated":true}]}}